{"id":200,"date":"2020-06-20T23:00:16","date_gmt":"2020-06-20T23:00:16","guid":{"rendered":"http:\/\/staldar.com\/forum\/?p=200"},"modified":"2020-06-20T19:24:35","modified_gmt":"2020-06-20T19:24:35","slug":"rencontre-femme-bosniaque-musulmane","status":"publish","type":"post","link":"http:\/\/staldar.com\/forum\/2020\/06\/20\/rencontre-femme-bosniaque-musulmane\/","title":{"rendered":"Rencontre Femme Bosniaque Musulmane"},"content":{"rendered":"<p>Pour les associations bosniaques musulmanes, les Serbes esp\u00e8rent att\u00e9nuer la responsabilit\u00e9 de leurs combattants en faisant condamner ceux du camp den face. Ils sont en train de traquer des victimes du g\u00e9nocide alors quun grand nombre de criminels se prom\u00e8nent librement. Ils devraient traquer ceux qui ont commis le g\u00e9nocide, a d\u00e9clar\u00e9 vendredi \u00e0 la presse Munira Subasic, pr\u00e9sidente dune association des femmes de Srebrenica.  Cela a conduit \u00e0 ce que des femmes comme Jasmina habitent dans des logis qui ne leur appartiennent pas et dont elles peuvent \u00eatre expuls\u00e9es \u00e0 tout moment. Et tandis que la municipalit\u00e9 de Sarajevo, propri\u00e9taire de lappartement de Jasmina, dit ne pas avoir lintention de lexpulser, cela napporte aucun r\u00e9confort \u00e0 une femme \u00e0 qui lon a brutalement d\u00e9montr\u00e9 linanit\u00e9 de faire confiance \u00e0 qui que ce soit. Pr\u00e9parez-vous \u00e0 embarquer pour le Grand Nord \u00e0 la d\u00e9couverte de ce que ce vaste territoire a \u00e0 nous apprendre et \u00e0 nous raconter. Souhaitez-vous recevoir une notification lors de la r\u00e9ponse dune internaute \u00e0 votre commentaire? Ces militantes veulent lutter contre les pr\u00e9jug\u00e9s et la discrimination : La pri\u00e8re de ce soir est anim\u00e9e par deux victimes dattentats \u00e0 la bombe, invit\u00e9s dhonneur dans ce village qui \u00e9tait autrefois le camp de base des groupes de militants djihadistes qui ont men\u00e9 les attaques ayant d\u00e9truit leurs vies.  <img decoding=\"async\" src=\"http:\/\/blida.unblog.fr\/files\/2007\/10\/imag1.jpg\" alt=\"rencontre femme bosniaque musulmane\" align=\"left\"> pas savoir, etc. Mais je ne suis pas plus sp\u00e9cialiste que cela. <img decoding=\"async\" src=\"http:\/\/2.bp.blogspot.com\/_B24LH00_yqY\/SxCgn2i4i9I\/AAAAAAAAAMs\/xjLfV6I9KJ8\/s1600\/100_2302.JPG\" alt=\"rencontre femme bosniaque musulmane\" align=\"right\"> Le groupe local qui compte actuellement plus de 150 personnes organise de nombreux ateliers, conf\u00e9rences, voyages et visites d\u00e9couvertes, des repas festifs sans oublier les jeudis de l\u00e9t\u00e9 o\u00f9, chaque semaine, tous ceux qui ne peuvent plus se d\u00e9placer se retrouvent chez lun ou lautre. La Vie propose une partie de son contenu gratuitement, mais linformation de qualit\u00e9 a un co\u00fbt. Votre soutien est pr\u00e9cieux pour nous aider \u00e0 pr\u00e9server notre exigence journalistique et lind\u00e9pendance de notre r\u00e9daction. Lors dune manifestation \u00e0 Washington le jeudi 7 mai, des membres de National Nurses United se tiennent dans des chaussures vides qui, selon eux, repr\u00e9sentent des infirmi\u00e8res d\u00e9c\u00e9d\u00e9es de Covid-19. Leon, lui, est un jeune ado de 14 ans qui joue au handball dans le club multisport de Zrinjski et vit dans la partie croate de Mostar, avec son fr\u00e8re, sa s\u0153ur et ses parents. La premi\u00e8re fois que jai vu un reportage sur la guerre \u00e0 la t\u00e9l\u00e9, je me suis demand\u00e9 si une chose pareille \u00e9tait r\u00e9ellement possible. Et, m\u00eame aujourdhui, les journaux t\u00e9l\u00e9vis\u00e9s me font peur. Leon va au coll\u00e8ge, joue de la guitare et raffole des bandes dessin\u00e9es. Mon r\u00eave? Une v\u00e9ritable paix, sans violence dans les rues. Le r\u00eave de Mustafa est, lui, plus imm\u00e9diat : sauter de vingt-huit m\u00e8tres dans la rivi\u00e8re Neretva. L\u00e9t\u00e9 prochain, je plongerai moi aussi du pont, comme mon p\u00e8re la fait quand il \u00e9tait ado. Cest une tradition. Mustafa a 17 ans. Papa \u00e9tait au front et pendant trois ans il ne ma pas vu : ma m\u00e8re a r\u00e9ussi \u00e0 senfuir avec des faux papiers en Allemagne. Quand nous sommes rentr\u00e9s, tout \u00e9tait d\u00e9truit de ce c\u00f4t\u00e9-ci du pont. Beaucoup de mes amis de Mostar ont perdu leurs parents ou un membre de leur famille : ils les appellent des martyrs. Dans mon lyc\u00e9e, sur six classes, trois sont \u00e0 majorit\u00e9 musulmane et les autres \u00e0 majorit\u00e9 catholique. On n\u00e9tudie pas au m\u00eame \u00e9tage. On essaie de trouver des terrains dentente mais ce nest pas \u00e9vident. Le pape Fran\u00e7ois donne une b\u00e9n\u00e9diction le 10 mai depuis la fen\u00eatre de son atelier donnant sur une place Saint-Pierre vide. Nations unies, les Casques bleus sopposent \u00e0 lentr\u00e9e dans leur base des Le vent qui traverse la peau des b\u00eates fera danser les hommes? <img decoding=\"async\" src=\"http:\/\/cdn.timesofisrael.com\/uploads\/2016\/02\/Bulgaria1.jpg\" alt=\"rencontre femme bosniaque musulmane\" align=\"center\"> Je ne vous cacherai pas quil y a quelques mois, lors de la constitution de Du c\u00f4t\u00e9 est de la ville de Sarajevo Isto\u010dno Novo Sarajevo, en R\u00e9publique Serbe de Bosnie Republika Sprska, la capitale change de d\u00e9cor. Si le centre-ville de Sarajevo donne limpression dune m\u00e9galopole dynamique, tout semble fig\u00e9 dans le temps dans ce quartier serbe. Entre les vieux immeubles d\u00e9labr\u00e9s encore marqu\u00e9s par les impacts de balles, les b\u00e2timents abandonn\u00e9s et les grands espaces vides Sarajevo appara\u00eet comme fractur\u00e9. Pourtant, les \u00e9tudiants rencontr\u00e9s de part et dautre de la ville semblent aller au-del\u00e0 de ces fronti\u00e8res communautaires. Pour eux, elles ne sont quimaginaires. Nemanja, \u00e9tudiant en \u00e9conomie de 21 ans, habite depuis toujours \u00e0 Lukavica, \u00e0 lest de Sarajevo. M\u00eame sil se rend tr\u00e8s r\u00e9guli\u00e8rement dans le centre de la capitale pour rendre visite \u00e0 sa petite amie, le jeune Bosnien reste attach\u00e9 \u00e0 son quartier, o\u00f9 il se sent bien. Pour lui, lid\u00e9e dune s\u00e9paration entre les deux c\u00f4t\u00e9s de la ville nexiste pas vraiment. Mis \u00e0 part les langues, les religions et lenseignement de lhistoire, il ny a pas de diff\u00e9rence selon que tu habites ici ou dans le centre. On vit tous ensemble, assure-t-il. Les disparit\u00e9s se ressentent plus au niveau des institutions. Contrairement \u00e0 Sarajevo ouest, il est beaucoup plus facile dobtenir son dipl\u00f4me ici, les examens sont moins compliqu\u00e9s et les professeurs plus indulgents. De lautre c\u00f4t\u00e9 de la ville, luniversit\u00e9 fonctionne encore selon un vieux syst\u00e8me, plus traditionnel. .<\/p>\n","protected":false},"excerpt":{"rendered":"<p>rencontre femme bosniaque musulmane<\/p>\n","protected":false},"author":1,"featured_media":0,"comment_status":"closed","ping_status":"closed","sticky":false,"template":"","format":"standard","meta":{"footnotes":""},"categories":[1],"tags":[],"class_list":["post-200","post","type-post","status-publish","format-standard","hentry","category-uncategorized"],"_links":{"self":[{"href":"http:\/\/staldar.com\/forum\/wp-json\/wp\/v2\/posts\/200","targetHints":{"allow":["GET"]}}],"collection":[{"href":"http:\/\/staldar.com\/forum\/wp-json\/wp\/v2\/posts"}],"about":[{"href":"http:\/\/staldar.com\/forum\/wp-json\/wp\/v2\/types\/post"}],"author":[{"embeddable":true,"href":"http:\/\/staldar.com\/forum\/wp-json\/wp\/v2\/users\/1"}],"replies":[{"embeddable":true,"href":"http:\/\/staldar.com\/forum\/wp-json\/wp\/v2\/comments?post=200"}],"version-history":[{"count":1,"href":"http:\/\/staldar.com\/forum\/wp-json\/wp\/v2\/posts\/200\/revisions"}],"predecessor-version":[{"id":201,"href":"http:\/\/staldar.com\/forum\/wp-json\/wp\/v2\/posts\/200\/revisions\/201"}],"wp:attachment":[{"href":"http:\/\/staldar.com\/forum\/wp-json\/wp\/v2\/media?parent=200"}],"wp:term":[{"taxonomy":"category","embeddable":true,"href":"http:\/\/staldar.com\/forum\/wp-json\/wp\/v2\/categories?post=200"},{"taxonomy":"post_tag","embeddable":true,"href":"http:\/\/staldar.com\/forum\/wp-json\/wp\/v2\/tags?post=200"}],"curies":[{"name":"wp","href":"https:\/\/api.w.org\/{rel}","templated":true}]}}