{"id":230,"date":"2020-06-20T20:07:25","date_gmt":"2020-06-20T20:07:25","guid":{"rendered":"http:\/\/staldar.com\/forum\/?p=230"},"modified":"2020-06-20T19:49:07","modified_gmt":"2020-06-20T19:49:07","slug":"rencontre-africaine-tulle-2011","status":"publish","type":"post","link":"http:\/\/staldar.com\/forum\/2020\/06\/20\/rencontre-africaine-tulle-2011\/","title":{"rendered":"Rencontre Africaine Tulle 2011"},"content":{"rendered":"<p> UNION FRANCAISE SANTE BUCCO DENTAIRE Activit\u00e9s des organisations professionnelles le vendredi 19 ao\u00c3t 2011 Le comit\u00e9 des F\u00eates de Liginiac En 1974, il pr\u00e9side la section de l \u00e0 l. Il entre \u00e0, et y pr\u00e9side le comit\u00e9 de soutien \u00e0 la candidature de. Il adh\u00e8re au en 1979. \u0395\u03ba\u03ba\u03b9\u03bd\u03b7\u03c4\u03b7\u03c2 \u03bc\u03c0\u03b1\u03c4\u03b1\u03c1\u03b9\u03b1\u03c2 24v \u03bf\u03c0\u03c9\u03c2 \u03b3\u03c1\u03b1\u03bc\u03bc\u03b1\u03c4\u03b9\u03ba\u03b7 \u03b1\u03bd\u03b1\u03b3\u03bd\u03c9\u03c1\u03b9\u03c3\u03b7 \u03c4\u03bf \u03bc\u03c5\u03c3\u03c4\u03ae\u03c1\u03b9\u03bf \u03bc\u03b5 \u03c4\u03bf \u03c3\u03b1\u03bd\u03b1\u03c4\u03cc\u03c1\u03b9\u03bf \u03c4\u03b7\u03c2 \u03c0\u03ac\u03c1\u03bd\u03b7\u03b8\u03b1\u03c2 \u0394\u03c9\u03c1\u03b5\u03ac\u03bd \u03b1\u03c0\u03bf\u03c3\u03c4\u03bf\u03bb\u03ae, \u03c7\u03c9\u03c1\u03af\u03c2 \u03c0\u03c1\u03bf\u03bc\u03ae\u03b8\u03b5\u03b9\u03b1 \u03c3\u03c5\u03bd\u03b1\u03bb\u03bb\u03b1\u03b3\u03ce\u03bd! 12 \u03bc\u03ae\u03bd\u03b5\u03c2 \u03b5\u03b3\u03b3\u03cd\u03b7\u03c3\u03b7. Tel : 06 72 90 55 14 Xinarca offre un r\u00c3pertoire dune rare authenticit\u00c3 autour du chant traditionnel corse monodique : chant sacr\u00c3, chant de montagne, chant de travail et compositions. Ses relations avec sont si tendues que, d\u00e8s octobre 2012, le sinterroge sur la p\u00e9rennit\u00e9 de l ; il note \u00e9galement que si son pr\u00e9d\u00e9cesseur Nicolas Sarkozy pouvait \u00e9galement avoir des divergences avec la chanceli\u00e8re, ils parvenaient \u00e0 se mettre daccord sur une position commune avant un sommet europ\u00e9en, alors que les relations sont devenues bien plus conflictuelles avec Fran\u00e7ois Hollande. Angela Merkel sinqui\u00e8te aussi que le PS fran\u00e7ais puisse soutenir le SPD allemand lors des apr\u00e8s quelle a pour sa part pris position pour Nicolas Sarkozy lors des \u00e9lections fran\u00e7aises de 2012. La coop\u00e9ration franco-allemande sam\u00e9liore ensuite, avec la d\u00e9cision dun plan commun pour lemploi des jeunes officialis\u00e9 apr\u00e8s le sommet franco-allemand de mai 2013. Fran\u00e7ois Hollande et Angela Merkel saccordent sur un m\u00e9canisme de, quils cherchent \u00e0 imposer aux autres pays europ\u00e9ens avant les. Marie Guichoux, De lombre \u00e0 la lumi\u00e8re, Le Nouvel Observateur, n o 2450, 20-26 octobre 2011, p 68-69.   T\u00c3l : 06 30 69 75 45 Lassociation organise tous les mardis apr\u00c3s midi des sorties de marche nordique niveau fitness. Corr\u00c3ze Meyssac, le N\u00e9fertiti \u00e0 c\u00f4t\u00e9 de la mairie, sur lemonde.fr, 18 mai 2019 consult\u00e9 le 19 mai 2019. \u03a1\u03c9\u03c3\u03b9\u03ba\u03bf \u03c4\u03c1\u03b1\u03b3\u03bf\u03c5\u03b4\u03b9 \u03ba\u03b1\u03bb\u03b9\u03bd\u03ba\u03b1 \u039a\u03b1\u03b8\u03bf\u03bb\u03b9\u03ba\u03ae\u03c2 \u03a3\u03c5\u03bc\u03b2\u03b1\u03c4\u03cc\u03c4\u03b7\u03c4\u03b1\u03c2 \u0393\u03c1\u03ae\u03b3\u03bf\u03c1\u03bf\u03c2 \u03a6\u03bf\u03c1\u03c4\u03b9\u03c3\u03c4\u03ae\u03c2 \u03c3\u03c4\u03bf\u03bd \u03c0\u03b1\u03c1\u03b1\u03b4\u03b5\u03b9\u03c3\u03bf \u03b5\u03c7\u03c9 \u03c3\u03b7\u03bc\u03b1\u03b4\u03b5\u03c8\u03b5\u03b9 \u03b5\u03bd\u03b1 \u03bd\u03b7\u03c3\u03b9 \u03c3\u03c4\u03b9\u03c7\u03bf\u03b9 \u03bc\u03b9\u03bd\u03b1 \u03ba\u03b1\u03c1\u03b1\u03bc\u03b7\u03c4\u03c1\u03bf\u03c5 \u03c3\u03c5\u03b6\u03c5\u03b3\u03bf\u03c2 Vassivi\u00e8re et le Centre International dArt et de Paysage-\u00c9p. 15-Culture en zone rurale Tel : 05 55 25 47 78 Doors open at Garden Lostanges Sunday, May 15 Open all day: 10 am to 19 pm La Maison de lEau et de la P\u00c3\u00aache de la Corr\u00c3ze vous propose de partir \u00c3 la d\u00c3couverte des habitants des rivi\u00c3res. Au cours dune petite balade vous.. \u00c0 la fin des ann\u00e9es 1970, il fait la connaissance de, \u00e9galement de la de l. Il se lie avec elle au cours dun stage effectu\u00e9 dans une cit\u00e9 de banlieue, La No\u00e9, \u00e0. Le couple forme une et a quatre enfants : 1984, qui est, Cl\u00e9mence 1986, devenue docteur en h\u00e9pato-gastro-ent\u00e9rologie \u00e0 Paris, Julien 1987,, et Flora 1992,. Leur s\u00e9paration est annonc\u00e9e au soir du second tour des. <img decoding=\"async\" src=\"http:\/\/img.over-blog.com\/200x300\/3\/99\/22\/02\/2011\/2011-04\/2011-04-2482--copie.JPG\" alt=\"rencontre africaine tulle 2011\" align=\"center\"> CHRISTOPHE Didier 1998, Une tapisserie pour la cath\u00e9drale, in L\u00c9glise en Corr\u00e8ze, n 12 117e ann\u00e9e, juin 1998, Tulle, p. 226-227 sur lartiste contemporain Roman Opalka. Nombreux lots : Jambons secs-Ap\u00c3ritifs-Anis\u00c3s-Vins fins T\u00c3l : 05 55 24 43 69 Au c\u00c5ur du centre-ville de Brive la Gaillarde, le festival accueille chaque ann\u00c3es plusieurs grands artistes pour des concerts aux styles tr\u00c3s vari\u00c3s : Kassav en 2005, Yuri Buenaventura en 2007,.. <img decoding=\"async\" src=\"http:\/\/www.ekouangar.ga\/public\/2017\/2017-07\/CalamityOeufMollet2.jpg\" alt=\"rencontre africaine tulle 2011\" align=\"left\"> <img decoding=\"async\" src=\"http:\/\/www.merkevarmer.gq\/_uploads\/gen\/COI0087_IV_3_181x245.jpeg\" alt=\"rencontre africaine tulle 2011\" align=\"left\">.<\/p>\n","protected":false},"excerpt":{"rendered":"<p>rencontre africaine tulle 2011<\/p>\n","protected":false},"author":1,"featured_media":0,"comment_status":"closed","ping_status":"closed","sticky":false,"template":"","format":"standard","meta":{"footnotes":""},"categories":[1],"tags":[],"class_list":["post-230","post","type-post","status-publish","format-standard","hentry","category-uncategorized"],"_links":{"self":[{"href":"http:\/\/staldar.com\/forum\/wp-json\/wp\/v2\/posts\/230","targetHints":{"allow":["GET"]}}],"collection":[{"href":"http:\/\/staldar.com\/forum\/wp-json\/wp\/v2\/posts"}],"about":[{"href":"http:\/\/staldar.com\/forum\/wp-json\/wp\/v2\/types\/post"}],"author":[{"embeddable":true,"href":"http:\/\/staldar.com\/forum\/wp-json\/wp\/v2\/users\/1"}],"replies":[{"embeddable":true,"href":"http:\/\/staldar.com\/forum\/wp-json\/wp\/v2\/comments?post=230"}],"version-history":[{"count":1,"href":"http:\/\/staldar.com\/forum\/wp-json\/wp\/v2\/posts\/230\/revisions"}],"predecessor-version":[{"id":231,"href":"http:\/\/staldar.com\/forum\/wp-json\/wp\/v2\/posts\/230\/revisions\/231"}],"wp:attachment":[{"href":"http:\/\/staldar.com\/forum\/wp-json\/wp\/v2\/media?parent=230"}],"wp:term":[{"taxonomy":"category","embeddable":true,"href":"http:\/\/staldar.com\/forum\/wp-json\/wp\/v2\/categories?post=230"},{"taxonomy":"post_tag","embeddable":true,"href":"http:\/\/staldar.com\/forum\/wp-json\/wp\/v2\/tags?post=230"}],"curies":[{"name":"wp","href":"https:\/\/api.w.org\/{rel}","templated":true}]}}