{"id":286,"date":"2020-06-20T20:32:54","date_gmt":"2020-06-20T20:32:54","guid":{"rendered":"http:\/\/staldar.com\/forum\/?p=286"},"modified":"2020-06-20T20:22:07","modified_gmt":"2020-06-20T20:22:07","slug":"rencontre-avec-philippe-bas","status":"publish","type":"post","link":"http:\/\/staldar.com\/forum\/2020\/06\/20\/rencontre-avec-philippe-bas\/","title":{"rendered":"Rencontre Avec Philippe Bas"},"content":{"rendered":"<p>F\u00e9licitations, Vous b\u00e9n\u00e9ficiez d\u00e8s \u00e0 pr\u00e9sent dun acc\u00e8s connect\u00e9 \u00e0 parismatch.com <img decoding=\"async\" src=\"http:\/\/www.jaenada.com\/images\/laserpe220.jpg\" alt=\"rencontre avec philippe bas\" align=\"left\"> <img decoding=\"async\" src=\"http:\/\/atelier-rencontre.ensad.fr\/wp-content\/uploads\/2015\/04\/peduzzi.jpg\" alt=\"rencontre avec philippe bas\" align=\"center\"> Recevez du lundi au vendredi \u00e0 12h une s\u00e9lection toute fra\u00eeche \u00e0 lire ou \u00e0 \u00e9couter. Vous pouvez accepter lutilisation propos\u00e9e en cliquant sur Continuer vers le site ci-dessous. Attach\u00e9 \u00e0 lutter contre la confusion des pouvoirs dont cette affaire Benalla est le signe, Philippe Bas insiste : Il ny a pas de plus grande honte pour un collaborateur que de mettre en difficult\u00e9 le pr\u00e9sident de la R\u00e9publique. Mais, poursuit-il, cette affaire r\u00e9v\u00e9l\u00e9e le 18 juillet par Le Monde nest pas seulement un d\u00e9rapage individuel, ce fameux 1 er-Mai, place de la Contrescarpe. Alexandre Benalla a b\u00e9n\u00e9fici\u00e9 dune protection, veut-il croire. La commission denqu\u00eate reprendra ses auditions \u00e0 la rentr\u00e9e : Je me rends compte que lon a un v\u00e9ritable confort dans le travail au sein de Profilage, on enfile notre veste et on est dans le show, surtout avec des partenaires comme Odile Vuillemin. Chez 7sur7, nous attachons une grande importance \u00e0 la protection de votre vie priv\u00e9e et \u00e0 la confiance que vous nous accordez. Nous aimerions ainsi vous donner lopportunit\u00e9 de personnaliser vos param\u00e8tres des cookies. Plus dinformations sur notre politique de confidentialit\u00e9 et cookies peuvent \u00eatre trouv\u00e9es via le lien au bas de cette page. T\u00e9l\u00e9 Star Jach\u00e8te ce num\u00e9ro Format papier ou num\u00e9rique Qui doit gagner le concours The Voice 2020 sur TF1? Les collectivit\u00e9s demandent davantage de d\u00e9concentration et la r\u00e9cup\u00e9ration de.&#8211; OZP-Observatoire des Zones Prioritaires LAvocat du Diable. Il y a 30 jours Le 13052020 \u00e0 19:03 Signaler un abus Une proc\u00e9dure doit avoir lieu au tribunal de commerce ce jeudi 11 juin <img decoding=\"async\" src=\"http:\/\/3.bp.blogspot.com\/-hknImCqu_t4\/VaY9iKI7N4I\/AAAAAAAADPo\/WdkDybq0q-g\/s640\/citation+vie7.jpg\" alt=\"rencontre avec philippe bas\" align=\"center\"> R\u00e9\u00e9couter Jusqu\u00e0 los, \u00e9chauffour\u00e9e radiophonique : rencontre avec Sophie Perez et Xavier Boussiron \u00e9couter 58 min 58 min Philippe Bas revient en force en tant que h\u00e9ros de la s\u00e9rie polici\u00e8re de TF1, Profilage, dont la nouvelle saison est diffus\u00e9e d\u00e8s le 12 mars \u00e0 21h05. Cette fois, il. Une heureuse et nouvelle collaboration qui a toutefois \u00e9t\u00e9 assombrie en octobre 2019 par la, qui incarnait le commissaire Gr\u00e9goire Lamarck. Des joies et des peines sur lesquelles lacteur de 46 ans sest confi\u00e9. Des sites web utilisent des technologies pour accro\u00eetre la convivialit\u00e9 et rendre le site web aussi int\u00e9ressant que possible pour chaque visiteur. Les exemples les mieux connus de ces types de technologies sont les cookies. Les cookies peuvent \u00eatre utilis\u00e9s par les d\u00e9tenteurs de sites web ou par des tiers, tels que des annonceurs, qui communiquent via le site web que vous visitez. NewsActual 2017-2020-Reproduction interdite sans autorisation Site d\u00e9di\u00e9 aux actualit\u00e9s agricoles et rurales des d\u00e9partements du Calvados, de la Manche et de lOrne. Retrouvez aussi des articles techniques et des vid\u00e9os sur lensemble des productions locales. Sil croit toujours au coup de foudre, Philippe Bas continue \u00e0 attendre la femme qui fera chavirer son coeur. Contrairement \u00e0 lacteur, Maud Baecker semble avoir trouv\u00e9 l\u00e2me soeur. Dans une interview accord\u00e9e \u00e0 T\u00e9l\u00e9 Star, lactrice a pour Agustin Galiana. Description du poste : DASEN du Bas-Rhin-acad\u00e9mie de Strasbourg  de la part de Patrick Bruel, r\u00e9v\u00e9l\u00e9es par le Parisien le 9 septembre 2019. La premi\u00e8re accusatrice de Patrick Bruel est une esth\u00e9ticienne de 21 ans, qui laccuse davoir, avec insistance tenu des propos laissant entendre clairement quil attendait une prestation \u00e0 caract\u00e8re sexuel. Selon elle, les faits se seraient produits le 9 ao\u00fbt dernier en marge dun concert \u00e0 Ajaccio. Lors de ce massage, r\u00e9alis\u00e9 dans sa loge avant son concert, le chanteur aurait aussi, selon son accusatrice, refus\u00e9 de porter un sous-v\u00eatement et souhait\u00e9 rester nu. Selon les dires de la jeune employ\u00e9e, la porte de la loge \u00e9tait close et aucun t\u00e9moin na assist\u00e9 \u00e0 la sc\u00e8ne. Laccusatrice aurait aussi pr\u00e9cis\u00e9 quaucune contrainte naurait cependant \u00e9t\u00e9 exerc\u00e9e. Le MEDEF et les R\u00e9poublicains : : fin des 35 heures, semaine des 60 heures,une semaine de cong\u00e9s pay\u00e9s en moins, des RTT et jeudi de lAscension supprim\u00e9s, travail le dimanche Copyright ALI\u00c9NOR-Chroniques culturelles de La Rochelle et alentours  PHILIPPE BAS et Lorie Laure Pester-PHOTOCALL DU FILM UN MARI DE TROP-FESTIVAL DE LA FICTION TV DE LA ROCHELLE. .<\/p>\n","protected":false},"excerpt":{"rendered":"<p>rencontre avec philippe bas<\/p>\n","protected":false},"author":1,"featured_media":0,"comment_status":"closed","ping_status":"closed","sticky":false,"template":"","format":"standard","meta":{"footnotes":""},"categories":[1],"tags":[],"class_list":["post-286","post","type-post","status-publish","format-standard","hentry","category-uncategorized"],"_links":{"self":[{"href":"http:\/\/staldar.com\/forum\/wp-json\/wp\/v2\/posts\/286","targetHints":{"allow":["GET"]}}],"collection":[{"href":"http:\/\/staldar.com\/forum\/wp-json\/wp\/v2\/posts"}],"about":[{"href":"http:\/\/staldar.com\/forum\/wp-json\/wp\/v2\/types\/post"}],"author":[{"embeddable":true,"href":"http:\/\/staldar.com\/forum\/wp-json\/wp\/v2\/users\/1"}],"replies":[{"embeddable":true,"href":"http:\/\/staldar.com\/forum\/wp-json\/wp\/v2\/comments?post=286"}],"version-history":[{"count":1,"href":"http:\/\/staldar.com\/forum\/wp-json\/wp\/v2\/posts\/286\/revisions"}],"predecessor-version":[{"id":287,"href":"http:\/\/staldar.com\/forum\/wp-json\/wp\/v2\/posts\/286\/revisions\/287"}],"wp:attachment":[{"href":"http:\/\/staldar.com\/forum\/wp-json\/wp\/v2\/media?parent=286"}],"wp:term":[{"taxonomy":"category","embeddable":true,"href":"http:\/\/staldar.com\/forum\/wp-json\/wp\/v2\/categories?post=286"},{"taxonomy":"post_tag","embeddable":true,"href":"http:\/\/staldar.com\/forum\/wp-json\/wp\/v2\/tags?post=286"}],"curies":[{"name":"wp","href":"https:\/\/api.w.org\/{rel}","templated":true}]}}