{"id":32,"date":"2020-06-20T21:18:09","date_gmt":"2020-06-20T21:18:09","guid":{"rendered":"http:\/\/staldar.com\/forum\/?p=32"},"modified":"2020-06-20T17:52:09","modified_gmt":"2020-06-20T17:52:09","slug":"facebook-rencontre-en-france","status":"publish","type":"post","link":"http:\/\/staldar.com\/forum\/2020\/06\/20\/facebook-rencontre-en-france\/","title":{"rendered":"Facebook Rencontre En France"},"content":{"rendered":"<p>Covid-19 : la R\u00e9gion organise la distribution de mat\u00e9riel de protection pour tous D\u00e9couvrez loffre abonn\u00e9s num\u00e9rique et acc\u00e9dez \u00e0 tous les articles en illimit\u00e9 <img decoding=\"async\" src=\"http:\/\/static.hitek.fr\/img\/actualite\/2015\/12\/10\/26da43e8-8b9d-43ed-bc79-4a1a230c3e3e-640x360.jpg\" alt=\"facebook rencontre en france\" align=\"center\"> Ok sur le principe mais pas question de payer pour \u00e7a. Je ne vois pas pourquoi lattitude inconsid\u00e9r\u00e9e du patron de Facebook devrait avoir pour cons\u00e9quence que le contribuable se substitue gratuitement \u00e0 son devoir de r\u00e9gulation. Sil ne peut g\u00e9rer \u00e7a par lui-m\u00eame ou via sa fumeuse IA, alors on facture. Laffiliation 2020-2021 des associations 31 sera offerte aux associations affili\u00e9es en 2019-2020 ;  La mortalit\u00e9 a retrouv\u00e9 en mai les m\u00eames niveaux que ceux constat\u00e9s les deux derni\u00e8res ann\u00e9es, selon des chiffres publi\u00e9s ce vendredi 12 juin par lInsee. La d\u00e9crue des d\u00e9c\u00e8s se confirme donc dans.. Retrouvez vos amis sur Facebook \u00e0 partir de votre smartphone Android Rooms \u00e9tait une application assez originale et ind\u00e9pendante de Facebook pour cr\u00e9er des espaces de discussion sur un sujet et \u00e9changer sous le pseudo de son choix. Olivier Chicheportiche, Facebook ose un Messenger Kids pour les enfants, France, 5 d\u00e9cembre 2017, consult\u00e9 le 5 d\u00e9cembre 2017. Nous utilisons des cookies pour vous garantir la meilleure exp\u00e9rience sur notre site web. Si vous continuez \u00e0 utiliser ce site, nous supposerons que vous en \u00eates satisfait. Comment notez-vous Facebook au cours des 3 derniers mois? Vous profiterez aussi de ventes accessoires avec une s\u00e9lection de ceintures, cravates, gants, bonnets, \u00e9charpes, foulards, sacs, chapeaux, Venez agir avec nous et rencontrer nos militants et b\u00e9n\u00e9voles en participant \u00e0 nos actions et \u00e9v\u00e8nements ou en rejoignant une structure locale. Simplicit\u00e9! Pas de mail, ni de questionnaire \u00e0 rallonge. Vous avez un compte Facebook, vous \u00eates d\u00e9j\u00e0 connect\u00e9 au groupe! Rapidit\u00e9! Je lance ma question et je suis averti instantan\u00e9ment si jai une r\u00e9ponse! De plus, je peux discuter en direct avec les membres pour demander un compl\u00e9ment dinfos. Mobilit\u00e9! 85 de nos membres consultent le groupe sur leurs smartphones. Tellement plus pratique. Toujours sous la main pour \u00eatre au courant des derni\u00e8res actus. La pr\u00e9sentation est claires et les interactions sont plus faciles et fluides! Une des id\u00e9es initiales, dans le monde \u00e9tudiant, \u00e9tait que Facebook permette \u00e0 chacun de publier ses donn\u00e9es personnelles et son profil. Avec les limites que cela implique : nombreux sont les cas d\u00e9tudiants am\u00e9ricains en recherche de stage, r\u00e9voqu\u00e9s \u00e0 cause de photos de soir\u00e9es arros\u00e9es mises en lignes sur leur profil.. Une des particularit\u00e9s de Facebook r\u00e9side dans son c\u00f4t\u00e9 hybride, \u00e9tant \u00e0 la fois r\u00e9seau social d\u00e9tudiants, damis, qui permet les blagues de potaches, mais aussi r\u00e9seau social \u00e0 usage professionnel, voire r\u00e9seau de rencontres, et plus si affinit\u00e9s. <img decoding=\"async\" src=\"http:\/\/www.action.themissingpodcast.com\/eCommunityImages\/DEECA512-A183-4E16-A5E0-4040D79F84EB\/845\/w320w\/salle_d'armes_2.jpg\" alt=\"facebook rencontre en france\" align=\"center\">  en Facebook Censorship and the Atlantic Council, RT France, 13 octobre 2018, consult\u00e9 le 15 octobre 2018.  Des retours utilisateurs sur les r\u00e9seaux sociaux plut\u00f4t m\u00e9contents de la fiabilit\u00e9 g\u00e9n\u00e9rale. D\u00e8s 23h15, la veille, votre journal sur ordinateur, tablette ou Vous \u00eates bordelais ou bordelaise, vous avez 50 ans ou plus, vous \u00eates seule et vous recherchez quelquun pour une relation s\u00e9rieuse ou seulement quelquun avec qui \u00e9crire une jolie histoire? Ne cherchez pas plus loin! Facebook lance pour stimuler la relance \u00e9conomique des petites et moyennes entreprises durement touch\u00e9es par la crise du gr\u00e2ce \u00e0 lacc\u00e9l\u00e9ration num\u00e9rique. <img decoding=\"async\" src=\"http:\/\/beyond.blogs.france24.com\/sites\/blogs.france24.com\/files\/storyblogimgs\/user179\/180713-ricard2-top.jpg\" alt=\"facebook rencontre en france\" align=\"center\">.<\/p>\n","protected":false},"excerpt":{"rendered":"<p>facebook rencontre en france<\/p>\n","protected":false},"author":1,"featured_media":0,"comment_status":"closed","ping_status":"closed","sticky":false,"template":"","format":"standard","meta":{"footnotes":""},"categories":[1],"tags":[],"class_list":["post-32","post","type-post","status-publish","format-standard","hentry","category-uncategorized"],"_links":{"self":[{"href":"http:\/\/staldar.com\/forum\/wp-json\/wp\/v2\/posts\/32","targetHints":{"allow":["GET"]}}],"collection":[{"href":"http:\/\/staldar.com\/forum\/wp-json\/wp\/v2\/posts"}],"about":[{"href":"http:\/\/staldar.com\/forum\/wp-json\/wp\/v2\/types\/post"}],"author":[{"embeddable":true,"href":"http:\/\/staldar.com\/forum\/wp-json\/wp\/v2\/users\/1"}],"replies":[{"embeddable":true,"href":"http:\/\/staldar.com\/forum\/wp-json\/wp\/v2\/comments?post=32"}],"version-history":[{"count":1,"href":"http:\/\/staldar.com\/forum\/wp-json\/wp\/v2\/posts\/32\/revisions"}],"predecessor-version":[{"id":33,"href":"http:\/\/staldar.com\/forum\/wp-json\/wp\/v2\/posts\/32\/revisions\/33"}],"wp:attachment":[{"href":"http:\/\/staldar.com\/forum\/wp-json\/wp\/v2\/media?parent=32"}],"wp:term":[{"taxonomy":"category","embeddable":true,"href":"http:\/\/staldar.com\/forum\/wp-json\/wp\/v2\/categories?post=32"},{"taxonomy":"post_tag","embeddable":true,"href":"http:\/\/staldar.com\/forum\/wp-json\/wp\/v2\/tags?post=32"}],"curies":[{"name":"wp","href":"https:\/\/api.w.org\/{rel}","templated":true}]}}