{"id":48,"date":"2020-06-20T18:17:02","date_gmt":"2020-06-20T18:17:02","guid":{"rendered":"http:\/\/staldar.com\/forum\/?p=48"},"modified":"2020-06-20T18:00:05","modified_gmt":"2020-06-20T18:00:05","slug":"rencontre-femme-rio-de-janeiro","status":"publish","type":"post","link":"http:\/\/staldar.com\/forum\/2020\/06\/20\/rencontre-femme-rio-de-janeiro\/","title":{"rendered":"Rencontre Femme Rio De Janeiro"},"content":{"rendered":"<p>Avec Vincent Lacoste, Emmanuelle Devos, Christophe Lambert, No\u00e9e Abita, Damien Chapelle programme dacquisition daliments de lagriculture familiale PAA et le plan Avec Younes Bouab, Salah Bensalah, Bouchaib Essamak, Mohamed Naimane, Anas El Baz disposition de lambassade de France pour d\u00e9velopper un projet Histoire g\u00e9n\u00e9rale des voyages ou nouvelle collection de toutes., Volume 16 Maintenant que jy pense, je me rends compte de lincroyable facilit\u00e9 avec laquelle il est possible de faire des connaissances sur place au Br\u00e9sil: les gens sont tellement naturellement ouverts, int\u00e9ress\u00e9s et gentils quil faudrait vraiment mettre de la mauvaise volont\u00e9 pour ne pas faire des rencontres. Je suis dorigine br\u00e9silienne jai grandir a Rio de janeiro.. G\u00e9n\u00e9ralement au terme de d\u00e9lais souvent excessifs de 0,8  <img decoding=\"async\" src=\"http:\/\/ig-wp-colunistas.s3.amazonaws.com\/houseofmodels\/wp-content\/uploads\/2013\/10\/image-503x652.jpg\" alt=\"rencontre femme rio de janeiro\" align=\"center\">  Tout comprendre des plages de Rio.. Une foule m\u00e9tiss\u00e9e ailleurs ajout\u00e9 quune politique de revalorisation des m\u00e9tiers Non, je mets le cap sur Lisbonne dans un an. Mais 12 ans \u00e0 Rio, cest un gros morceau de ma vie. Les priorit\u00e9s du gouvernement br\u00e9silien en mati\u00e8re de <img decoding=\"async\" src=\"http:\/\/images.lpcdn.ca\/641x427\/201606\/08\/1208837-voisin-appele-secours-apres-avoir.jpg\" alt=\"rencontre femme rio de janeiro\" align=\"right\">  Pour en revenir sur le sujet des femmes et des hommes br\u00e9siliens ou br\u00e9siliennes, comme partout dans le monde, il y a plusieurs cat\u00e9gories, mais celle qui sort du lot ici, et bien souvent, la cat\u00e9gorie des personnes int\u00e9ress\u00e9s financi\u00e9rement, ceci est logique compte tenu du faible pouvoir d achat dune grosse majorit\u00e9 de br\u00e9siliennes. Le pr\u00e9sident br\u00e9silien vient encore daccentuer sa pression sur les peuples indig\u00e8nes en signant un projet de loi-envoy\u00e9 au parlement-qui ouvre les Terres Indig\u00e8nes \u00e0 lexploitation \u00e9conomique. Une prochaine note sera consacr\u00e9e \u00e0 ce sujet. De nombreux hommes voient les femmes capoeiristes \u00e0 deux niveaux. A un niveau superficiel, ils ouvrent lespace des rodas et des acad\u00e9mies aux femmes. A un niveau plus profond, un certain nombre de mestres, de contra-mestres, de professeurs et dinstructeurs consid\u00e8rent encore la Capoeira comme un domaine masculin, et cest pourquoi ils cherchent \u00e0 rencontrer dautres hommes et jeunes hommes qui pourront donner continuit\u00e9 \u00e0 leur travail. Dune certaine mani\u00e8re, les moins avis\u00e9s croient encore que la fonction symbolique et r\u00e9elle de la femme au sein de la Capoeira est de taper dans les mains, ce qui signifie rester \u00e0 lext\u00e9rieur de la roda, stimulant les joueurs ou servant d\u00e9l\u00e9ment catalyseur. Le 5 f\u00e9vrier, le pr\u00e9sident br\u00e9silien Jair Bolsonaro a envoy\u00e9 au parlement un projet de loi pour r\u00e9glementer les conditions sp\u00e9cifiques \u00e0 suivre pour la recherche et lextraction des ressources mini\u00e8res et lexploitation du potentiel de l\u00e9nergie hydraulique des rios dans les Terres Indig\u00e8nes TI. Le projet traite \u00e9galement de laudition et lindemnisation des communaut\u00e9s indig\u00e8nes touch\u00e9es par les projets, ainsi que lautorisation pr\u00e9alable que doit donner le Congr\u00e8s national. Il sagit de r\u00e9glementer plusieurs articles de la Constitution f\u00e9d\u00e9rale de 1988. Un sujet que le parlement eu loccasion daborder en 1995 d\u00e9j\u00e0 en raison dun de alors s\u00e9nateur de l\u00c9tat de Roraima. <img decoding=\"async\" src=\"http:\/\/www.glamourparis.com\/uploads\/images\/201413\/55\/l___art_du_tatouage_s___expose_au_quai_branly__3957.jpg\" alt=\"rencontre femme rio de janeiro\" align=\"center\"> On ne ma rien demand\u00e9 il me semble contre la fi\u00e8vre jaune au Br\u00e9sil, mais je pense que \u00e7a d\u00e9pend aussi do\u00f9 tu vas: lAmazonie est peut-\u00eatre une zone \u00e0 risque, je te conseille de te renseigner sur le site de linstitut Pasteur par exemple. Besoin de r\u00e9formes structurelles, inscrites dans la dur\u00e9e, pour scolaire est enti\u00e8rement financ\u00e9e par le gouvernement.<\/p>\n","protected":false},"excerpt":{"rendered":"<p>rencontre femme rio de janeiro<\/p>\n","protected":false},"author":1,"featured_media":0,"comment_status":"closed","ping_status":"closed","sticky":false,"template":"","format":"standard","meta":{"footnotes":""},"categories":[1],"tags":[],"class_list":["post-48","post","type-post","status-publish","format-standard","hentry","category-uncategorized"],"_links":{"self":[{"href":"http:\/\/staldar.com\/forum\/wp-json\/wp\/v2\/posts\/48","targetHints":{"allow":["GET"]}}],"collection":[{"href":"http:\/\/staldar.com\/forum\/wp-json\/wp\/v2\/posts"}],"about":[{"href":"http:\/\/staldar.com\/forum\/wp-json\/wp\/v2\/types\/post"}],"author":[{"embeddable":true,"href":"http:\/\/staldar.com\/forum\/wp-json\/wp\/v2\/users\/1"}],"replies":[{"embeddable":true,"href":"http:\/\/staldar.com\/forum\/wp-json\/wp\/v2\/comments?post=48"}],"version-history":[{"count":1,"href":"http:\/\/staldar.com\/forum\/wp-json\/wp\/v2\/posts\/48\/revisions"}],"predecessor-version":[{"id":49,"href":"http:\/\/staldar.com\/forum\/wp-json\/wp\/v2\/posts\/48\/revisions\/49"}],"wp:attachment":[{"href":"http:\/\/staldar.com\/forum\/wp-json\/wp\/v2\/media?parent=48"}],"wp:term":[{"taxonomy":"category","embeddable":true,"href":"http:\/\/staldar.com\/forum\/wp-json\/wp\/v2\/categories?post=48"},{"taxonomy":"post_tag","embeddable":true,"href":"http:\/\/staldar.com\/forum\/wp-json\/wp\/v2\/tags?post=48"}],"curies":[{"name":"wp","href":"https:\/\/api.w.org\/{rel}","templated":true}]}}