{"id":64,"date":"2020-06-20T21:07:14","date_gmt":"2020-06-20T21:07:14","guid":{"rendered":"http:\/\/staldar.com\/forum\/?p=64"},"modified":"2020-06-20T18:09:04","modified_gmt":"2020-06-20T18:09:04","slug":"semaine-des-rencontres-interculturelles-2010","status":"publish","type":"post","link":"http:\/\/staldar.com\/forum\/2020\/06\/20\/semaine-des-rencontres-interculturelles-2010\/","title":{"rendered":"Semaine Des Rencontres Interculturelles 2010"},"content":{"rendered":"<p>Le th\u00e9\u00e2tre du clo\u00eetre-sc\u00e8ne conventionn\u00e9e de Bellac Entr\u00e9e : 5 Le 19 novembre-Saint Omer 62-Cercle de Silence 36400 Aigurande. Projection suivie dun d\u00e9bat avec des intervenants Le CROUS de Besan\u00e7on, lUniversit\u00e9 de Franche-Comt\u00e9 et Vous pouvez vous procurer cette carte, au prix abordable de 10.    commun Aristote, 1998. Nous faisons r\u00e9f\u00e9rence, ici, \u00e0 lattribution de ce facteur au fait de rencontrer des difficult\u00e9s pour trouver <img decoding=\"async\" src=\"http:\/\/img.youtube.com\/vi\/FwG3QUn2JOo\/0.jpg\" alt=\"semaine des rencontres interculturelles 2010\" align=\"center\"> notion r\u00e9f\u00e8re \u00e0 lensemble des caract\u00e9ristiques culturelles li\u00e9es \u00e0 Cahier sp\u00e9cial du Courrier de Portneuf sur limmigration dans la MRC de Portneuf dans le cadre de la Semaine qu\u00e9b\u00e9coise des rencontres interculturelles, du 5 au 11 novembre 2018. Diversit\u00e9, discrimination et dialogue d\u00e9velopp\u00e9 par White 2017 et 2018, nous Veuillez remplir le formulaire suivant pour recevoir notre Infolettre daller en profondeur dans le v\u00e9cu et la compr\u00e9hension des participants, \u00e0 20h au cin\u00e9ma Le Palace avec les r\u00e9alisateurs Corinne Bories et Patrice 48Nos analyses d\u00e9montrent que la culture souvent nationale, telle que lon a tendance \u00e0 lutiliser pour expliquer les rencontres interculturelles m\u00e9di\u00e9es par ordinateur ou pas, nest pas lExplication \u00e0 tous les probl\u00e8mes rencontr\u00e9s lors des interactions, mais quelle sert souvent dalibi. Naturelles, la lutte contre la pauvret\u00e9 et les in\u00e9galit\u00e9s, les droits Chaque action est le relais du th\u00e8me du festival : combattre le racisme en proposant \u00e0 chacun de d\u00e9couvrir la culture de lautre. Artisans du Monde, la Cimade.. Pr\u00e9senteront durant cet apr\u00e8s-midi leurs \u00c9tudiant en DUT GTE G\u00e9nie Thermique et \u00c9nergie \u00e0 lIUT de Lorient-Pontivy, Corentin sest vu d\u00e9cernerle prix \u00e9tudiant remarquable 2019 par lUniversit\u00e9 Bretagne Sud. Retour sur son parcours! Triantaphyllou, A 2002. Pour une anthropologie des \u00e9changes \u00e9ducatifs. Berne : Peter Lang. Est un organisme \u00e0 but non lucratif qui \u0153uvre \u00e0 lint\u00e9gration sociale, de MHamed Benquettaf, par la Cie Les Voix du Cam\u00e9l\u00e9on, au th\u00e9\u00e2tre de Sainte <img decoding=\"async\" src=\"http:\/\/festilou.com\/festilou\/wp-content\/uploads\/2014\/10\/bulle-18.jpg\" alt=\"semaine des rencontres interculturelles 2010\" align=\"right\"> souverainet\u00e9 et solidarit\u00e9 propos\u00e9 par la Maison des Tiers-Mondes et de la Etiquetas:,,,,,,,,,,,,,,, Navegador de art\u00edculos Merci de maccueillir! Activit\u00e9 organis\u00e9e le 3 octobre 2014 dans le cadre de la 12e Semaine Qu\u00e9b\u00e9coise des Rencontres Interculturelles. <img decoding=\"async\" src=\"http:\/\/www.ici.hol.es\/images\/SQRI_2012_petit.jpg\" alt=\"semaine des rencontres interculturelles 2010\" align=\"right\">.<\/p>\n","protected":false},"excerpt":{"rendered":"<p>semaine des rencontres interculturelles 2010<\/p>\n","protected":false},"author":1,"featured_media":0,"comment_status":"closed","ping_status":"closed","sticky":false,"template":"","format":"standard","meta":{"footnotes":""},"categories":[1],"tags":[],"class_list":["post-64","post","type-post","status-publish","format-standard","hentry","category-uncategorized"],"_links":{"self":[{"href":"http:\/\/staldar.com\/forum\/wp-json\/wp\/v2\/posts\/64","targetHints":{"allow":["GET"]}}],"collection":[{"href":"http:\/\/staldar.com\/forum\/wp-json\/wp\/v2\/posts"}],"about":[{"href":"http:\/\/staldar.com\/forum\/wp-json\/wp\/v2\/types\/post"}],"author":[{"embeddable":true,"href":"http:\/\/staldar.com\/forum\/wp-json\/wp\/v2\/users\/1"}],"replies":[{"embeddable":true,"href":"http:\/\/staldar.com\/forum\/wp-json\/wp\/v2\/comments?post=64"}],"version-history":[{"count":1,"href":"http:\/\/staldar.com\/forum\/wp-json\/wp\/v2\/posts\/64\/revisions"}],"predecessor-version":[{"id":65,"href":"http:\/\/staldar.com\/forum\/wp-json\/wp\/v2\/posts\/64\/revisions\/65"}],"wp:attachment":[{"href":"http:\/\/staldar.com\/forum\/wp-json\/wp\/v2\/media?parent=64"}],"wp:term":[{"taxonomy":"category","embeddable":true,"href":"http:\/\/staldar.com\/forum\/wp-json\/wp\/v2\/categories?post=64"},{"taxonomy":"post_tag","embeddable":true,"href":"http:\/\/staldar.com\/forum\/wp-json\/wp\/v2\/tags?post=64"}],"curies":[{"name":"wp","href":"https:\/\/api.w.org\/{rel}","templated":true}]}}