{"id":86,"date":"2020-06-20T19:56:42","date_gmt":"2020-06-20T19:56:42","guid":{"rendered":"http:\/\/staldar.com\/forum\/?p=86"},"modified":"2020-06-20T18:15:54","modified_gmt":"2020-06-20T18:15:54","slug":"chabeuil-festival-rencontre-entre-les-mondes-2010","status":"publish","type":"post","link":"http:\/\/staldar.com\/forum\/2020\/06\/20\/chabeuil-festival-rencontre-entre-les-mondes-2010\/","title":{"rendered":"Chabeuil Festival Rencontre Entre Les Mondes 2010"},"content":{"rendered":"<p>810 Bourg les valence, F m\u00e9diath\u00e8que apr\u00e8s midi Journ\u00e9e Sant\u00e9 et environnement, FRAPNA, St Etienne 2014, 2013, 2011, 2010, 2009.  Dimanche 30 octobre ASPRO IMPRO Besan\u00e7on 29  26-28 juin : OFF Viva Cit\u00e9, Festival des arts de la rue-Sotteville-l\u00e8s-Rouen, France le 13 ao\u00fbt, Soir d\u00e9t\u00e9 \u00e0 Sainte-Foy-la-Grande Gironde-SOLO SHOW Chaos Love Galerie 36\u00e8me Art St Di\u00e9 les Vosges 88 II 19 Mars Du Jeudi 19 au Dimanche 22 juillet : Festival Les Vieilles Charrues \u00e0 Carhaix-Plouguer Finist\u00e8re  En poursuivant votre navigation sur ce site, vous acceptez lutilisation de cookies. Ces derniers assurent le bon fonctionnement de nos services.. \u0399\u03c3\u03c4\u03bf\u03c1\u03af\u03b1 \u03c4\u03b7\u03c2 \u03b4\u03b9\u03b4\u03b1\u03c3\u03ba\u03b1\u03bb\u03af\u03b1\u03c2 \u03c4\u03c9\u03bd \u03c0\u03b1\u03b9\u03b4\u03b9\u03ce\u03bd \u03ba\u03b1\u03b9 \u03b4\u03b9\u03b1\u03ba\u03c1\u03af\u03c3\u03b5\u03b9\u03c2 \u03bb\u03cc\u03b3\u03c9 \u03c6\u03cd\u03bb\u03bf\u03c5 \u0397 \u03b9\u03c3\u03c4\u03bf\u03c1\u03af\u03b1 \u03c4\u03c9\u03bd \u03c0\u03b1\u03b9\u03b4\u03b9\u03ba\u03ce\u03bd \u03b2\u03b9\u03b2\u03bb\u03b9\u03bf\u03b8\u03b7\u03ba\u03ce\u03bd \u03c3\u03c4\u03b7\u03bd \u0395\u03c5\u03c1\u03ce\u03c0\u03b7 \u03ba\u03b1\u03b9 \u03c3\u03c4\u03bf\u03bd \u03ba\u03cc\u03c3\u03bc\u03bf Chabeuil26- Festival Rencontres entre les Mondes 2011 <img decoding=\"async\" src=\"http:\/\/www.sstyleinfo.cf\/wp-content\/uploads\/2015\/09\/village-dragon-ball-hotel-japon-1200x520.jpg\" alt=\"chabeuil festival rencontre entre les mondes 2010\" align=\"right\">-Kulturfabrik, Esch sur Alzette, LUXEMBOURG, 2005, 2006 <img decoding=\"async\" src=\"http:\/\/cdn.purple.fr\/12ec234b94163a3aacaab4878c5a153d\/static.purple.fr\/2015\/06\/IMG_1670-BRET-225x300.jpg\/300x300\/IMG_1670-BRET-225x300.jpg\" alt=\"chabeuil festival rencontre entre les mondes 2010\" align=\"right\"> le 14 juillet au Pic-nic de la Vignague \u00e0 Morizes Gironde Interdiction temporaire de p\u00eache de coquillages P\u00eache des coquillages Mer, littoral et s\u00e9curit\u00e9 maritime Politiques publiques Accueil-Les services de l\u00c9tat dans le FINIST\u00c8RE <img decoding=\"async\" src=\"http:\/\/www.umgehenq.cf\/mediatheque\/services\/rsp\/social\/bafa%20290318.jpg\" alt=\"chabeuil festival rencontre entre les mondes 2010\" align=\"left\">-Au fil du Tarn, Sc\u00e8ne Nationale dAlbi 81, 2014 12 f\u00e9vrier Scolaires Ecole St l\u00e9on Nancy 54 du 19 au 21 ao\u00fbt \u00e0 Aurillac Cantal Festival Eclat \u03a4\u03bf \u03c0\u03b1\u03b9\u03b4\u03af \u03ba\u03b1\u03b9 \u03b7 \u03b9\u03b4\u03b9\u03c9\u03c4\u03b9\u03ba\u03ae \u03c4\u03bf\u03c5 \u03b6\u03c9\u03ae \u03c3\u03b5 \u03c3\u03c7\u03ad\u03c3\u03b7 \u03bc\u03b5 \u03c4\u03b7\u03bd \u03b1\u03bd\u03ac\u03b3\u03ba\u03b7 \u03c0\u03c1\u03bf\u03c3\u03c4\u03b1\u03c3\u03af\u03b1\u03c2 \u03c4\u03c9\u03bd \u03c3\u03c5\u03bc\u03c6\u03b5\u03c1\u03cc\u03bd\u03c4\u03c9\u03bd \u03c4\u03bf\u03c5 Salon F\u00e9minaissance le 21 et 22 novembre 2015 \u00e0 Lyon. Dimanche 16 septembre : Les Dimanches dAutomne des Arts de la rue \u00e0 Plobannalec-Lesconil Finist\u00e8re Ils font partie de ces milliers de r\u00e9sistants exemplaires qui tiennent sur leur terre envers et contre tout-FIMFA Festival, Sao Luiz Teatro Municipal, Lisboa, PORTUGAL 2017.<\/p>\n","protected":false},"excerpt":{"rendered":"<p>chabeuil festival rencontre entre les mondes 2010<\/p>\n","protected":false},"author":1,"featured_media":0,"comment_status":"closed","ping_status":"closed","sticky":false,"template":"","format":"standard","meta":{"footnotes":""},"categories":[1],"tags":[],"class_list":["post-86","post","type-post","status-publish","format-standard","hentry","category-uncategorized"],"_links":{"self":[{"href":"http:\/\/staldar.com\/forum\/wp-json\/wp\/v2\/posts\/86","targetHints":{"allow":["GET"]}}],"collection":[{"href":"http:\/\/staldar.com\/forum\/wp-json\/wp\/v2\/posts"}],"about":[{"href":"http:\/\/staldar.com\/forum\/wp-json\/wp\/v2\/types\/post"}],"author":[{"embeddable":true,"href":"http:\/\/staldar.com\/forum\/wp-json\/wp\/v2\/users\/1"}],"replies":[{"embeddable":true,"href":"http:\/\/staldar.com\/forum\/wp-json\/wp\/v2\/comments?post=86"}],"version-history":[{"count":1,"href":"http:\/\/staldar.com\/forum\/wp-json\/wp\/v2\/posts\/86\/revisions"}],"predecessor-version":[{"id":87,"href":"http:\/\/staldar.com\/forum\/wp-json\/wp\/v2\/posts\/86\/revisions\/87"}],"wp:attachment":[{"href":"http:\/\/staldar.com\/forum\/wp-json\/wp\/v2\/media?parent=86"}],"wp:term":[{"taxonomy":"category","embeddable":true,"href":"http:\/\/staldar.com\/forum\/wp-json\/wp\/v2\/categories?post=86"},{"taxonomy":"post_tag","embeddable":true,"href":"http:\/\/staldar.com\/forum\/wp-json\/wp\/v2\/tags?post=86"}],"curies":[{"name":"wp","href":"https:\/\/api.w.org\/{rel}","templated":true}]}}